


{"id":48,"date":"2007-12-06T23:01:46","date_gmt":"2007-12-06T22:01:46","guid":{"rendered":"http:\/\/westenberger.info\/?p=48"},"modified":"2007-12-06T23:01:46","modified_gmt":"2007-12-06T22:01:46","slug":"imagine-cup-2008-mit-microsoft-dynamics-nav","status":"publish","type":"post","link":"https:\/\/blogs.gm.fh-koeln.de\/westenberger\/2007\/12\/06\/imagine-cup-2008-mit-microsoft-dynamics-nav\/","title":{"rendered":"Imagine Cup 2008 mit Microsoft Dynamics NAV"},"content":{"rendered":"<p class=\"lead\">F\u00fcr den diesj\u00e4hrigen  Microsoft Imagine Cup Wettbewerb zum Motto: &#8222;Ges\u00fcndere Umwelt und besserer Umweltschutz durch Technologie&#8220; k\u00f6nnen Studierenden  aktuelle Problemstellungen unter Einsatz von Microsoft Dynamics NAV bearbeiten und neben Sachpreisen ein zweit\u00e4tiges Seminar sowie Praktika in der Microsoft Dynamics-Partnerwelt gewinnen.<!--more--><\/p>\n<p>Weitere Details zum Imagine Cup unter<br \/>\n<a href=\"http:\/\/http:\/\/www.microsoft.com\/germany\/imaginecup\/soft_aufgabenstellung.mspx\">http:\/\/www.microsoft.com\/germany\/imaginecup\/soft_aufgabenstellung.mspx<\/a><\/p>\n<p>Zum Einstieg in die im Rahmen der Aufgabenstellung ber\u00fccksichtigte NAV Branchenl\u00f6sung wird bereits in den n\u00e4chsten Tagen ein Webcast angeboten, der die Grundstruktur vermittelt und den Einstieg erleichtert. Eingereicht werden muss die entwickelte L\u00f6sung dann bis zum 29.02.2008.<\/p>\n<p>Wenn sich eine Gruppe f\u00fcr diesen Wettbewerb formiert, w\u00fcrde ich die Teilnahme als Wahlpflichtprojekt anerkennen. Interessenten wenden sich bitte an mich.<\/p>\n","protected":false},"excerpt":{"rendered":"<p>F\u00fcr den diesj\u00e4hrigen Microsoft Imagine Cup Wettbewerb zum Motto: &#8222;Ges\u00fcndere Umwelt und besserer Umweltschutz durch Technologie&#8220; k\u00f6nnen Studierenden aktuelle Problemstellungen unter Einsatz von Microsoft Dynamics NAV bearbeiten und neben Sachpreisen ein zweit\u00e4tiges Seminar sowie Praktika in der Microsoft Dynamics-Partnerwelt gewinnen.<\/p>\n","protected":false},"author":27,"featured_media":0,"comment_status":"open","ping_status":"open","sticky":false,"template":"","format":"standard","meta":{"_acf_changed":false,"footnotes":""},"categories":[134],"tags":[],"class_list":["post-48","post","type-post","status-publish","format-standard","hentry","category-allgemein"],"acf":[],"_links":{"self":[{"href":"https:\/\/blogs.gm.fh-koeln.de\/westenberger\/wp-json\/wp\/v2\/posts\/48","targetHints":{"allow":["GET"]}}],"collection":[{"href":"https:\/\/blogs.gm.fh-koeln.de\/westenberger\/wp-json\/wp\/v2\/posts"}],"about":[{"href":"https:\/\/blogs.gm.fh-koeln.de\/westenberger\/wp-json\/wp\/v2\/types\/post"}],"author":[{"embeddable":true,"href":"https:\/\/blogs.gm.fh-koeln.de\/westenberger\/wp-json\/wp\/v2\/users\/27"}],"replies":[{"embeddable":true,"href":"https:\/\/blogs.gm.fh-koeln.de\/westenberger\/wp-json\/wp\/v2\/comments?post=48"}],"version-history":[{"count":0,"href":"https:\/\/blogs.gm.fh-koeln.de\/westenberger\/wp-json\/wp\/v2\/posts\/48\/revisions"}],"wp:attachment":[{"href":"https:\/\/blogs.gm.fh-koeln.de\/westenberger\/wp-json\/wp\/v2\/media?parent=48"}],"wp:term":[{"taxonomy":"category","embeddable":true,"href":"https:\/\/blogs.gm.fh-koeln.de\/westenberger\/wp-json\/wp\/v2\/categories?post=48"},{"taxonomy":"post_tag","embeddable":true,"href":"https:\/\/blogs.gm.fh-koeln.de\/westenberger\/wp-json\/wp\/v2\/tags?post=48"}],"curies":[{"name":"wp","href":"https:\/\/api.w.org\/{rel}","templated":true}]}}