


{"id":33,"date":"2007-04-02T16:37:50","date_gmt":"2007-04-02T15:37:50","guid":{"rendered":"http:\/\/westenberger.info\/?p=33"},"modified":"2007-04-02T16:37:50","modified_gmt":"2007-04-02T15:37:50","slug":"praktikum-ba1-vor-abschluss","status":"publish","type":"post","link":"https:\/\/blogs.gm.fh-koeln.de\/westenberger\/2007\/04\/02\/praktikum-ba1-vor-abschluss\/","title":{"rendered":"Praktikum Ba1 vor Abschluss"},"content":{"rendered":"<p class=\"lead\">Die erfolgreich bestandenen BA I-Praktika sind von uns Ende M\u00e4rz an das Pr\u00fcfungsamt gemeldet worden (Liste siehe ILIAS). Wer bestanden hat, aber auf der Liste fehlt, sollte zum n\u00e4chsten BA2-Termin seinen Nachweis mitbringen.<\/p>\n<p>F\u00fcr die angearbeiteten dritten Praktika besteht noch die M\u00f6glichkeit des Nachreichens im ersten Praktikumstermin in BA II. Das sind je nach Gruppe der 7. Mai (Gruppen 1 und 2) und 14. Mai (Gruppe 3).<\/p>\n","protected":false},"excerpt":{"rendered":"<p>Die erfolgreich bestandenen BA I-Praktika sind von uns Ende M\u00e4rz an das Pr\u00fcfungsamt gemeldet worden (Liste siehe ILIAS). Wer bestanden hat, aber auf der Liste fehlt, sollte zum n\u00e4chsten BA2-Termin seinen Nachweis mitbringen. F\u00fcr die angearbeiteten dritten Praktika besteht noch die M\u00f6glichkeit des Nachreichens im ersten Praktikumstermin in BA II. Das sind je nach Gruppe&#8230;  <a href=\"https:\/\/blogs.gm.fh-koeln.de\/westenberger\/2007\/04\/02\/praktikum-ba1-vor-abschluss\/\" class=\"more-link\" title=\"Read Praktikum Ba1 vor Abschluss\"><?php _e(\"Read more &raquo;\",\"wpbootstrap\"); ?><\/a><\/p>\n","protected":false},"author":27,"featured_media":0,"comment_status":"open","ping_status":"open","sticky":false,"template":"","format":"standard","meta":{"_acf_changed":false,"footnotes":""},"categories":[134],"tags":[],"class_list":["post-33","post","type-post","status-publish","format-standard","hentry","category-allgemein"],"acf":[],"_links":{"self":[{"href":"https:\/\/blogs.gm.fh-koeln.de\/westenberger\/wp-json\/wp\/v2\/posts\/33","targetHints":{"allow":["GET"]}}],"collection":[{"href":"https:\/\/blogs.gm.fh-koeln.de\/westenberger\/wp-json\/wp\/v2\/posts"}],"about":[{"href":"https:\/\/blogs.gm.fh-koeln.de\/westenberger\/wp-json\/wp\/v2\/types\/post"}],"author":[{"embeddable":true,"href":"https:\/\/blogs.gm.fh-koeln.de\/westenberger\/wp-json\/wp\/v2\/users\/27"}],"replies":[{"embeddable":true,"href":"https:\/\/blogs.gm.fh-koeln.de\/westenberger\/wp-json\/wp\/v2\/comments?post=33"}],"version-history":[{"count":0,"href":"https:\/\/blogs.gm.fh-koeln.de\/westenberger\/wp-json\/wp\/v2\/posts\/33\/revisions"}],"wp:attachment":[{"href":"https:\/\/blogs.gm.fh-koeln.de\/westenberger\/wp-json\/wp\/v2\/media?parent=33"}],"wp:term":[{"taxonomy":"category","embeddable":true,"href":"https:\/\/blogs.gm.fh-koeln.de\/westenberger\/wp-json\/wp\/v2\/categories?post=33"},{"taxonomy":"post_tag","embeddable":true,"href":"https:\/\/blogs.gm.fh-koeln.de\/westenberger\/wp-json\/wp\/v2\/tags?post=33"}],"curies":[{"name":"wp","href":"https:\/\/api.w.org\/{rel}","templated":true}]}}