


{"id":31,"date":"2007-03-18T21:23:13","date_gmt":"2007-03-18T20:23:13","guid":{"rendered":"http:\/\/westenberger.info\/?p=31"},"modified":"2007-03-18T21:23:13","modified_gmt":"2007-03-18T20:23:13","slug":"ba2-im-ss07","status":"publish","type":"post","link":"https:\/\/blogs.gm.fh-koeln.de\/westenberger\/2007\/03\/18\/ba2-im-ss07\/","title":{"rendered":"BA2 im SS07"},"content":{"rendered":"<p class=\"lead\">Die Veranstaltung startet mit der Vorlesung bei Prof. Victor. \u00dcbungen und Praktika werde ich begleiten. Die Termine (\u00dcbungen und Praktika) sind unter ILIAS ver\u00f6ffentlicht.<\/p>\n<p>Wiederholer, die das BA2-Praktikum bereits bestanden haben, k\u00f6nnen direkt an den Multiple-Choice-Tests teilnehmen. Wer f\u00fcr die Vorbereitung zu den Tests und die Klausuren einen SAP-Zugang ben\u00f6tigt, wendet sich bitte an Kosta Dimitriou (Raum 2503). F\u00fcr den ersten Multiple-Choice-Test wird auch noch das letzte Praktikum aus dem Wintersemester (MS Dynamics NAV) relevant sein.<\/p>\n","protected":false},"excerpt":{"rendered":"<p>Die Veranstaltung startet mit der Vorlesung bei Prof. Victor. \u00dcbungen und Praktika werde ich begleiten. Die Termine (\u00dcbungen und Praktika) sind unter ILIAS ver\u00f6ffentlicht. Wiederholer, die das BA2-Praktikum bereits bestanden haben, k\u00f6nnen direkt an den Multiple-Choice-Tests teilnehmen. Wer f\u00fcr die Vorbereitung zu den Tests und die Klausuren einen SAP-Zugang ben\u00f6tigt, wendet sich bitte an Kosta&#8230;  <a href=\"https:\/\/blogs.gm.fh-koeln.de\/westenberger\/2007\/03\/18\/ba2-im-ss07\/\" class=\"more-link\" title=\"Read BA2 im SS07\"><?php _e(\"Read more &raquo;\",\"wpbootstrap\"); ?><\/a><\/p>\n","protected":false},"author":27,"featured_media":0,"comment_status":"open","ping_status":"open","sticky":false,"template":"","format":"standard","meta":{"_acf_changed":false,"footnotes":""},"categories":[134],"tags":[],"class_list":["post-31","post","type-post","status-publish","format-standard","hentry","category-allgemein"],"acf":[],"_links":{"self":[{"href":"https:\/\/blogs.gm.fh-koeln.de\/westenberger\/wp-json\/wp\/v2\/posts\/31","targetHints":{"allow":["GET"]}}],"collection":[{"href":"https:\/\/blogs.gm.fh-koeln.de\/westenberger\/wp-json\/wp\/v2\/posts"}],"about":[{"href":"https:\/\/blogs.gm.fh-koeln.de\/westenberger\/wp-json\/wp\/v2\/types\/post"}],"author":[{"embeddable":true,"href":"https:\/\/blogs.gm.fh-koeln.de\/westenberger\/wp-json\/wp\/v2\/users\/27"}],"replies":[{"embeddable":true,"href":"https:\/\/blogs.gm.fh-koeln.de\/westenberger\/wp-json\/wp\/v2\/comments?post=31"}],"version-history":[{"count":0,"href":"https:\/\/blogs.gm.fh-koeln.de\/westenberger\/wp-json\/wp\/v2\/posts\/31\/revisions"}],"wp:attachment":[{"href":"https:\/\/blogs.gm.fh-koeln.de\/westenberger\/wp-json\/wp\/v2\/media?parent=31"}],"wp:term":[{"taxonomy":"category","embeddable":true,"href":"https:\/\/blogs.gm.fh-koeln.de\/westenberger\/wp-json\/wp\/v2\/categories?post=31"},{"taxonomy":"post_tag","embeddable":true,"href":"https:\/\/blogs.gm.fh-koeln.de\/westenberger\/wp-json\/wp\/v2\/tags?post=31"}],"curies":[{"name":"wp","href":"https:\/\/api.w.org\/{rel}","templated":true}]}}