


{"id":1167,"date":"2017-08-07T07:56:18","date_gmt":"2017-08-07T07:56:18","guid":{"rendered":"http:\/\/lwibs01.gm.fh-koeln.de\/blogs\/westenberger\/?p=1167"},"modified":"2017-08-07T07:58:08","modified_gmt":"2017-08-07T07:58:08","slug":"axa-praxissemester-it-architektur-und-strategie","status":"publish","type":"post","link":"https:\/\/blogs.gm.fh-koeln.de\/westenberger\/2017\/08\/07\/axa-praxissemester-it-architektur-und-strategie\/","title":{"rendered":"AXA-Praxissemester \u201eIT Architektur und Strategie\u201c"},"content":{"rendered":"<div class=\"container\">\n<div id=\"content\" class=\"clearfix row\">\n<div id=\"main\" class=\"col-sm-9 clearfix\" role=\"main\">\n<article id=\"post-1156\" class=\"clearfix post-1156 post type-post status-publish format-standard hentry category-jobs category-praktika tag-architektur tag-axa tag-eam tag-innovation tag-life-cycle-management\" role=\"article\">\n<section class=\"post_content clearfix\">Die AXA IT sucht einen Praktikanten (m\/w) im Bereich <strong>IT Architektur und Strategie<\/strong> zum Thema Lifecycle Management. Evtl ist eine Werksstudentent\u00e4tigkeit oder ein Stipendium ankn\u00fcpfbar. Erwartet werden gute Noten und Interesse an einer l\u00e4ngerfristigen Zusammenarbeit mit der AXA IT. Bei Interesse stelle ich gerne Kontakt her.<\/section>\n<section class=\"post_content clearfix\"><\/section>\n<\/article>\n<\/div>\n<\/div>\n<\/div>\n","protected":false},"excerpt":{"rendered":"<p>Die AXA IT sucht einen Praktikanten (m\/w) im Bereich IT Architektur und Strategie zum Thema Lifecycle Management. Evtl ist eine Werksstudentent\u00e4tigkeit oder ein Stipendium ankn\u00fcpfbar. Erwartet werden gute Noten und Interesse an einer l\u00e4ngerfristigen Zusammenarbeit mit der AXA IT. Bei Interesse stelle ich gerne Kontakt her.<\/p>\n","protected":false},"author":27,"featured_media":0,"comment_status":"closed","ping_status":"closed","sticky":false,"template":"","format":"standard","meta":{"_acf_changed":false,"footnotes":""},"categories":[4655],"tags":[4680],"class_list":["post-1167","post","type-post","status-publish","format-standard","hentry","category-stellenangebote","tag-eam"],"acf":[],"_links":{"self":[{"href":"https:\/\/blogs.gm.fh-koeln.de\/westenberger\/wp-json\/wp\/v2\/posts\/1167","targetHints":{"allow":["GET"]}}],"collection":[{"href":"https:\/\/blogs.gm.fh-koeln.de\/westenberger\/wp-json\/wp\/v2\/posts"}],"about":[{"href":"https:\/\/blogs.gm.fh-koeln.de\/westenberger\/wp-json\/wp\/v2\/types\/post"}],"author":[{"embeddable":true,"href":"https:\/\/blogs.gm.fh-koeln.de\/westenberger\/wp-json\/wp\/v2\/users\/27"}],"replies":[{"embeddable":true,"href":"https:\/\/blogs.gm.fh-koeln.de\/westenberger\/wp-json\/wp\/v2\/comments?post=1167"}],"version-history":[{"count":2,"href":"https:\/\/blogs.gm.fh-koeln.de\/westenberger\/wp-json\/wp\/v2\/posts\/1167\/revisions"}],"predecessor-version":[{"id":1169,"href":"https:\/\/blogs.gm.fh-koeln.de\/westenberger\/wp-json\/wp\/v2\/posts\/1167\/revisions\/1169"}],"wp:attachment":[{"href":"https:\/\/blogs.gm.fh-koeln.de\/westenberger\/wp-json\/wp\/v2\/media?parent=1167"}],"wp:term":[{"taxonomy":"category","embeddable":true,"href":"https:\/\/blogs.gm.fh-koeln.de\/westenberger\/wp-json\/wp\/v2\/categories?post=1167"},{"taxonomy":"post_tag","embeddable":true,"href":"https:\/\/blogs.gm.fh-koeln.de\/westenberger\/wp-json\/wp\/v2\/tags?post=1167"}],"curies":[{"name":"wp","href":"https:\/\/api.w.org\/{rel}","templated":true}]}}