


{"id":1158,"date":"2017-06-28T09:22:34","date_gmt":"2017-06-28T09:22:34","guid":{"rendered":"http:\/\/lwibs01.gm.fh-koeln.de\/blogs\/westenberger\/?p=1158"},"modified":"2017-08-02T12:36:50","modified_gmt":"2017-08-02T12:36:50","slug":"anrechenbarkeit-ba1-klausur-von-po2-fuer-po3","status":"publish","type":"post","link":"https:\/\/blogs.gm.fh-koeln.de\/westenberger\/2017\/06\/28\/anrechenbarkeit-ba1-klausur-von-po2-fuer-po3\/","title":{"rendered":"Anrechenbarkeit BA1-Klausur von PO2 f\u00fcr PO3"},"content":{"rendered":"<p class=\"lead\">Da die Frage h\u00e4ufig gestellt wird, ob eine bestandene BA1-Klausur nach einer alten PO f\u00fcr die (aktuelle) PO3 anerkannt werden kann (Stand Juni 2017):<!--more--><\/p>\n<p>In der Pr\u00fcfungsordnung 3 hat das Modul Betriebliche Anwendungssysteme I\u00a0 10 ECTS statt der bisherigen 5 ECTS. Damit ist eine bestandene BA1-Klausur nach alter PO (bestanden in 2015 oder vorher) auch nur f\u00fcr 5 ECTS anrechenbar.<\/p>\n<p>Es gibt dann die folgenden zwei alternativen M\u00f6glichkeiten:<\/p>\n<p>1. Mitschreiben der aktuellen BA1-Klausur (f\u00fcr 10 ECTS). Die alte Note wird dann ignoriert. Der Klausurz\u00e4hler wird auf 1 zur\u00fcckgestellt (&#8230; meines Wissens, bitte beim Pr\u00fcfungsamt nochmals vergewissern).<\/p>\n<p>2. \u00dcbernahme der erbrachten Leistung mit Note mit dem Gewicht 5 ECTS. Durchf\u00fchrung einer m\u00fcndllichen Pr\u00fcfung \u00fcber den Stoff eines aktuellen Semesters (= 5 ECTS), in der Regel ist dies das letzte Sommersemester. Der genaue Themenumfang ist mit mir abzusprechen (in der Regel Vorlesung, \u00dcbung und Praktika des BA1-Teils des letzten SoSe). Die m\u00fcndl. Pr\u00fcfung wird zeitnah an den Termin der n\u00e4chsten BA1-Klausur gelegt, m\u00f6glichst auf denselben Tag. Die neue Note wird dann aus diesen beiden Bestandteilen gleichgewichtig ermittelt.<\/p>\n<p>Weitere Optionen, wie zum Beispiel die ersatzweise Anfertigung einer Ausarbeitung, gibt es nicht.<\/p>\n<p>Wer die BA1-Klausur allerdings unter der PO2 im Februar 2016 oder sp\u00e4ter geschrieben und bestanden hat, kann die Leistung ohne weitere Pr\u00fcfung f\u00fcr PO3 anerkannt bekommen. Diese Regelung ist mit dem Pr\u00fcfungsamt abgesprochen und wird auf Anforderung pauschal durchgef\u00fchrt. Eine Best\u00e4tigung von mir ist nicht erforderlich.<\/p>\n<p>Ein bestandenes BA1-Praktikum wird \u00fcbrigens von PO2 f\u00fcr PO3 ohne weitere Bedingung anerkannt.<\/p>\n","protected":false},"excerpt":{"rendered":"<p>Da die Frage h\u00e4ufig gestellt wird, ob eine bestandene BA1-Klausur nach einer alten PO f\u00fcr die (aktuelle) PO3 anerkannt werden kann (Stand Juni 2017):<\/p>\n","protected":false},"author":27,"featured_media":0,"comment_status":"closed","ping_status":"closed","sticky":false,"template":"","format":"standard","meta":{"_acf_changed":false,"footnotes":""},"categories":[26,27],"tags":[],"class_list":["post-1158","post","type-post","status-publish","format-standard","hentry","category-bachelor-wi","category-betr-anw-syst"],"acf":[],"_links":{"self":[{"href":"https:\/\/blogs.gm.fh-koeln.de\/westenberger\/wp-json\/wp\/v2\/posts\/1158","targetHints":{"allow":["GET"]}}],"collection":[{"href":"https:\/\/blogs.gm.fh-koeln.de\/westenberger\/wp-json\/wp\/v2\/posts"}],"about":[{"href":"https:\/\/blogs.gm.fh-koeln.de\/westenberger\/wp-json\/wp\/v2\/types\/post"}],"author":[{"embeddable":true,"href":"https:\/\/blogs.gm.fh-koeln.de\/westenberger\/wp-json\/wp\/v2\/users\/27"}],"replies":[{"embeddable":true,"href":"https:\/\/blogs.gm.fh-koeln.de\/westenberger\/wp-json\/wp\/v2\/comments?post=1158"}],"version-history":[{"count":5,"href":"https:\/\/blogs.gm.fh-koeln.de\/westenberger\/wp-json\/wp\/v2\/posts\/1158\/revisions"}],"predecessor-version":[{"id":1166,"href":"https:\/\/blogs.gm.fh-koeln.de\/westenberger\/wp-json\/wp\/v2\/posts\/1158\/revisions\/1166"}],"wp:attachment":[{"href":"https:\/\/blogs.gm.fh-koeln.de\/westenberger\/wp-json\/wp\/v2\/media?parent=1158"}],"wp:term":[{"taxonomy":"category","embeddable":true,"href":"https:\/\/blogs.gm.fh-koeln.de\/westenberger\/wp-json\/wp\/v2\/categories?post=1158"},{"taxonomy":"post_tag","embeddable":true,"href":"https:\/\/blogs.gm.fh-koeln.de\/westenberger\/wp-json\/wp\/v2\/tags?post=1158"}],"curies":[{"name":"wp","href":"https:\/\/api.w.org\/{rel}","templated":true}]}}