


{"id":1792,"date":"2021-10-01T11:17:38","date_gmt":"2021-10-01T09:17:38","guid":{"rendered":"https:\/\/blogs.gm.fh-koeln.de\/ktds\/?p=1792"},"modified":"2021-10-01T11:18:23","modified_gmt":"2021-10-01T09:18:23","slug":"lehrveranstaltung-sicherheit-privatsphaere-und-vertrauen-spv","status":"publish","type":"post","link":"https:\/\/blogs.gm.fh-koeln.de\/ktds\/de\/2021\/10\/01\/lehrveranstaltung-sicherheit-privatsphaere-und-vertrauen-spv\/","title":{"rendered":"Lehrveranstaltung &#8222;Sicherheit, Privatsph\u00e4re und Vertrauen&#8220; (SPV)"},"content":{"rendered":"<p class=\"lead\">Liebe Studierende,<\/p>\n<p>die Veranstaltung <strong>SPV\/IT-Sicherheit (Sicherheit, Privatsph\u00e4re und Vertrauen im Web) <\/strong>f\u00fcr die Master-Studieng\u00e4nge Medieninformatik, Software Engineering und Digital Sciences findet im Wintersemester 2021\/2022 als <strong>hybride Veranstaltung <\/strong>statt. Das bedeutet eine Teilnahme ist vor Ort, in dem im Stundenplan angek\u00fcndigten H\u00f6rsaal ebenso m\u00f6glich wie online per Zoom Session.<\/p>\n<p><strong>Starttermin <\/strong>ist am <strong>Dienstag, den 05.10.2021 um 11.00 Uhr ohne Pr\u00e4senz <\/strong>in einer <strong>reinen Online Session.<br \/>\n<\/strong><br \/>\nDort erhalten Sie alle weiteren Infos zu Vorlesung und Seminar, insbesondere auch das Passwort zum \u00d6ffnen der Skripte. Hier k\u00f6nnen Sie auch Ihre Fragen zum weiteren Ablauf stellen. Die Veranstaltung findet in vollst\u00e4ndig deutscher Sprache statt (Sowohl Vorlesung als auch das Seminar) . (The course is completely held in german language).<\/p>\n<p>F\u00fcr die folgenden Veranstaltungstermine k\u00f6nnen Sie sich in Anmeldelisten f\u00fcr die Pr\u00e4senz-Veranstaltung mit begrenzter Teilnehmerzahl eintragen. Parallel dazu wird die Pr\u00e4senzveranstaltung in einen Zoom Raum gestreamt.<\/p>\n<p>Die Daten f\u00fcr den Zoom-Raum finden Sie im ILIAS-System der TH K\u00f6ln. Bitte melden Sie sich dort f\u00fcr den folgenden Kurs an (Link s. u.):<br \/>\n&#8222;Sicherheit, Privatsph\u00e4re und Vertrauen im Netz &#8211; WS 2021 (Prof. Dr. Stefan Karsch)&#8220; an.<br \/>\nDort finden Sie weitere Informationen. Der Ilias-Kurs ist sp\u00e4testens ab dem 04.10.2021 verf\u00fcgbar.<\/p>\n<p>Der Pfad zum Kurs lautet:\u00a0 Magazin F10\/Fakult\u00e4t f\u00fcr Informatik und Ingenieurwissenschaften Medieninformatik\/Master IT-Sicherheit Sicherheit, Privatsph\u00e4re und Vertrauen im Netz -WS 2021 (Prof. Dr. Stefan Karsch)<\/p>\n<p>Um zum Kurs zu gelangen, klicken Sie hier: <a href=\"https:\/\/ilias.th-koeln.de\/ilias.php?ref_id=853837&amp;cmdClass=ilobjcoursegui&amp;cmd=edit&amp;cmdNode=wb:l6&amp;baseClass=ilrepositorygui\">https:\/\/ilias.th-koeln.de\/ilias.php?ref_id=853837&amp;cmdClass=ilobjcoursegui&amp;cmd=edit&amp;cmdNode=wb:l6&amp;baseClass=ilrepositorygui<\/a><\/p>\n<p>Wir w\u00fcnschen Ihnen einen guten Start in Ihr Master Studium!<\/p>\n<p>Viele Gr\u00fc\u00dfe und viel Erfolg<\/p>\n<p>Stefan Karsch und das KTDS &#8211; Team<\/p>\n","protected":false},"excerpt":{"rendered":"<p>Liebe Studierende, die Veranstaltung SPV\/IT-Sicherheit (Sicherheit, Privatsph\u00e4re und Vertrauen im Web) f\u00fcr die Master-Studieng\u00e4nge Medieninformatik, Software Engineering und Digital Sciences findet im Wintersemester 2021\/2022 als hybride Veranstaltung statt. Das bedeutet eine Teilnahme ist vor Ort, in dem im Stundenplan angek\u00fcndigten H\u00f6rsaal ebenso m\u00f6glich wie online per Zoom Session. Starttermin ist am Dienstag, den 05.10.2021 um&#8230;  <a href=\"https:\/\/blogs.gm.fh-koeln.de\/ktds\/de\/2021\/10\/01\/lehrveranstaltung-sicherheit-privatsphaere-und-vertrauen-spv\/\" class=\"more-link\" title=\"Read Lehrveranstaltung &#8222;Sicherheit, Privatsph\u00e4re und Vertrauen&#8220; (SPV)\"><?php _e(\"Read more &raquo;\",\"wpbootstrap\"); ?><\/a><\/p>\n","protected":false},"author":52,"featured_media":0,"comment_status":"closed","ping_status":"closed","sticky":false,"template":"","format":"standard","meta":{"_acf_changed":false,"footnotes":""},"categories":[30110],"tags":[],"class_list":["post-1792","post","type-post","status-publish","format-standard","hentry","category-its-spv"],"acf":[],"_links":{"self":[{"href":"https:\/\/blogs.gm.fh-koeln.de\/ktds\/wp-json\/wp\/v2\/posts\/1792","targetHints":{"allow":["GET"]}}],"collection":[{"href":"https:\/\/blogs.gm.fh-koeln.de\/ktds\/wp-json\/wp\/v2\/posts"}],"about":[{"href":"https:\/\/blogs.gm.fh-koeln.de\/ktds\/wp-json\/wp\/v2\/types\/post"}],"author":[{"embeddable":true,"href":"https:\/\/blogs.gm.fh-koeln.de\/ktds\/wp-json\/wp\/v2\/users\/52"}],"replies":[{"embeddable":true,"href":"https:\/\/blogs.gm.fh-koeln.de\/ktds\/wp-json\/wp\/v2\/comments?post=1792"}],"version-history":[{"count":2,"href":"https:\/\/blogs.gm.fh-koeln.de\/ktds\/wp-json\/wp\/v2\/posts\/1792\/revisions"}],"predecessor-version":[{"id":1797,"href":"https:\/\/blogs.gm.fh-koeln.de\/ktds\/wp-json\/wp\/v2\/posts\/1792\/revisions\/1797"}],"wp:attachment":[{"href":"https:\/\/blogs.gm.fh-koeln.de\/ktds\/wp-json\/wp\/v2\/media?parent=1792"}],"wp:term":[{"taxonomy":"category","embeddable":true,"href":"https:\/\/blogs.gm.fh-koeln.de\/ktds\/wp-json\/wp\/v2\/categories?post=1792"},{"taxonomy":"post_tag","embeddable":true,"href":"https:\/\/blogs.gm.fh-koeln.de\/ktds\/wp-json\/wp\/v2\/tags?post=1792"}],"curies":[{"name":"wp","href":"https:\/\/api.w.org\/{rel}","templated":true}]}}