


{"id":1790,"date":"2021-09-30T16:30:42","date_gmt":"2021-09-30T14:30:42","guid":{"rendered":"https:\/\/blogs.gm.fh-koeln.de\/ktds\/?p=1790"},"modified":"2021-09-30T16:30:42","modified_gmt":"2021-09-30T14:30:42","slug":"lehrveranstaltung-netz-architekturen-design-und-infrastrukturen-nadi","status":"publish","type":"post","link":"https:\/\/blogs.gm.fh-koeln.de\/ktds\/de\/2021\/09\/30\/lehrveranstaltung-netz-architekturen-design-und-infrastrukturen-nadi\/","title":{"rendered":"Lehrveranstaltung &#8222;Netz-Architekturen, -Design und -Infrastrukturen&#8220; (NADI)"},"content":{"rendered":"<div class=\"richtext richtext-article\">\n<p class=\"lead\">Die Lehrveranstaltung &#8222;Netz-Architekturen, -Design und -Infrastrukturen&#8220; (NADI) von Prof. Dr. Stahl f\u00fcr die Studienrichtung ITM im neuen Informatik-Master-Studiengang Digital Sciences beginnt mit einer <strong>Kick-off-Veranstaltung am Montag, dem 8. November 2021, um 10 Uhr, und zwar via Zoom oder ggf. in Pr\u00e4senz.<\/strong> Genaueres wird bis dahin noch via ILIAS bzw. ILIAS-Mail-Verteiler bekannt gegeben. Sprache der Lehrveranstaltung ist Deutsch.<\/p>\n<p>Die Daten f\u00fcr den Zoom-Raum finden Sie rechtzeitig in ILIAS. Bitte melden Sie sich dort f\u00fcr den folgenden Kurs im Bereich &#8222;Digital Sciences &#8211; Master&#8220; an:<br \/>\n<strong>&#8222;Netz-Architekturen, -Design und -Infrastrukturen (NADI) &#8211; Prof. Dr. Stahl und KTDS-Team&#8220;.<\/strong><br \/>\nDort finden Sie nach und nach noch weitere Informationen. Bitte schauen Sie also von Zeit zu Zeit, ob Neuigkeiten verf\u00fcgbar sind.<\/p>\n<p>Link zum direkten Zugriff auf den Kurs:<\/p>\n<p><a class=\"external jsCheck4Intern\" title=\"Link \u00f6ffnet in einem neuen Fenster\" href=\"https:\/\/ilias.th-koeln.de\/goto.php?target=crs_2022172&amp;client_id=ILIAS_FH_Koeln\" target=\"_blank\" rel=\"noopener\">hier klicken<\/a><\/p>\n<p><strong>Der Kurs wird in K\u00fcrze, voraussichtlich ab 04.10.2021, zur Anmeldung zur Verf\u00fcgung stehen.<\/strong><\/p>\n<p>Im Rahmen des ersten Termins (Kick-off, s. o.) gibt es weitere Informationen zu Inhalt, Ablauf, ggf. Meilensteinen usw. Auch besteht die M\u00f6glichkeit zu Kl\u00e4rung dann noch offener Fragen.<\/p>\n<p><strong>Die zum erfolgreichen Abschluss des Moduls erforderliche Pr\u00fcfung erfordert die rechtzeitige Anmeldung via PSSO. Bitte beachten Sie, dass diese voraussichtlich schon vor(!) dem Kick-off-Termin erfolgen muss. <\/strong>Sie sollten sich also bei entsprechendem Interesse auf jeden Fall dort anmelden, denn eine Anmeldung nach Ablauf der Anmeldefrist wird nicht m\u00f6glich sein. Eine sp\u00e4tere Abmeldung f\u00fcr den Fall, dass Sie die Pr\u00fcfung doch nicht ablegen m\u00f6chten, ist nat\u00fcrlich im Rahmen der \u00fcblichen Fristen m\u00f6glich.<\/p>\n<\/div>\n","protected":false},"excerpt":{"rendered":"<p>Die Lehrveranstaltung &#8222;Netz-Architekturen, -Design und -Infrastrukturen&#8220; (NADI) von Prof. Dr. Stahl f\u00fcr die Studienrichtung ITM im neuen Informatik-Master-Studiengang Digital Sciences beginnt mit einer Kick-off-Veranstaltung am Montag, dem 8. November 2021, um 10 Uhr, und zwar via Zoom oder ggf. in Pr\u00e4senz. Genaueres wird bis dahin noch via ILIAS bzw. ILIAS-Mail-Verteiler bekannt gegeben. Sprache der Lehrveranstaltung&#8230;  <a href=\"https:\/\/blogs.gm.fh-koeln.de\/ktds\/de\/2021\/09\/30\/lehrveranstaltung-netz-architekturen-design-und-infrastrukturen-nadi\/\" class=\"more-link\" title=\"Read Lehrveranstaltung &#8222;Netz-Architekturen, -Design und -Infrastrukturen&#8220; (NADI)\"><?php _e(\"Read more &raquo;\",\"wpbootstrap\"); ?><\/a><\/p>\n","protected":false},"author":52,"featured_media":0,"comment_status":"closed","ping_status":"closed","sticky":false,"template":"","format":"standard","meta":{"_acf_changed":false,"footnotes":""},"categories":[30169],"tags":[],"class_list":["post-1790","post","type-post","status-publish","format-standard","hentry","category-netz-architekturen-design-und-infrastrukturen-nadi"],"acf":[],"_links":{"self":[{"href":"https:\/\/blogs.gm.fh-koeln.de\/ktds\/wp-json\/wp\/v2\/posts\/1790","targetHints":{"allow":["GET"]}}],"collection":[{"href":"https:\/\/blogs.gm.fh-koeln.de\/ktds\/wp-json\/wp\/v2\/posts"}],"about":[{"href":"https:\/\/blogs.gm.fh-koeln.de\/ktds\/wp-json\/wp\/v2\/types\/post"}],"author":[{"embeddable":true,"href":"https:\/\/blogs.gm.fh-koeln.de\/ktds\/wp-json\/wp\/v2\/users\/52"}],"replies":[{"embeddable":true,"href":"https:\/\/blogs.gm.fh-koeln.de\/ktds\/wp-json\/wp\/v2\/comments?post=1790"}],"version-history":[{"count":1,"href":"https:\/\/blogs.gm.fh-koeln.de\/ktds\/wp-json\/wp\/v2\/posts\/1790\/revisions"}],"predecessor-version":[{"id":1791,"href":"https:\/\/blogs.gm.fh-koeln.de\/ktds\/wp-json\/wp\/v2\/posts\/1790\/revisions\/1791"}],"wp:attachment":[{"href":"https:\/\/blogs.gm.fh-koeln.de\/ktds\/wp-json\/wp\/v2\/media?parent=1790"}],"wp:term":[{"taxonomy":"category","embeddable":true,"href":"https:\/\/blogs.gm.fh-koeln.de\/ktds\/wp-json\/wp\/v2\/categories?post=1790"},{"taxonomy":"post_tag","embeddable":true,"href":"https:\/\/blogs.gm.fh-koeln.de\/ktds\/wp-json\/wp\/v2\/tags?post=1790"}],"curies":[{"name":"wp","href":"https:\/\/api.w.org\/{rel}","templated":true}]}}