


{"id":1552,"date":"2020-10-26T15:34:47","date_gmt":"2020-10-26T14:34:47","guid":{"rendered":"https:\/\/blogs.gm.fh-koeln.de\/ktds\/?p=1552"},"modified":"2020-10-26T15:35:21","modified_gmt":"2020-10-26T14:35:21","slug":"anmeldung-ktn-praktikum-freigeschaltet","status":"publish","type":"post","link":"https:\/\/blogs.gm.fh-koeln.de\/ktds\/de\/2020\/10\/26\/anmeldung-ktn-praktikum-freigeschaltet\/","title":{"rendered":"Anmeldung KTN-Praktikum freigeschaltet"},"content":{"rendered":"<p class=\"lead\">Liebe Studierende,<\/p>\n<p>die Anmeldung zum KTN-Praktikum ist freigeschaltet.<br \/>\nEine Bitte vorab: Melden Sie sich nur zum Praktikum an, wenn Sie auch tats\u00e4chlich daran teilnehmen m\u00f6chten.<br \/>\nNur so kann vermieden werden, dass freie Ressourcen unn\u00f6tig blockiert werden.<\/p>\n<p><strong>Ich m\u00f6chte am KTN-Praktum teilnehmen. Wie melde ich mich an?<\/strong><br \/>\n\u00dcber das Praktikumstool: https:\/\/praktikum.gm.fh-koeln.de\/e\/courses\/0c23b50c-e486-4cdb-b36b-b14031c3df9e<\/p>\n<p><strong>Mit welchen Daten kann ich mich am Praktikumstool anmelden?<\/strong><br \/>\nZum Login wird die GMID genutzt (nicht die CampusID).<\/p>\n<p><strong>Bis wann kann ich mich sp\u00e4testens zum KTN-Praktikum anmelden?<\/strong><br \/>\nBis zum 10.11.2020. Danach ist die Anmeldung nicht mehr m\u00f6glich.<\/p>\n<p>Weitere Informationen werden \u00fcber den Iliaskurs des Moduls (https:\/\/ilias.th-koeln.de\/goto.php?target=crs_691872&amp;client_id=ILIAS_FH_Koeln) und auf dieser Website ver\u00f6ffentlicht.<\/p>\n","protected":false},"excerpt":{"rendered":"<p>Liebe Studierende, die Anmeldung zum KTN-Praktikum ist freigeschaltet. Eine Bitte vorab: Melden Sie sich nur zum Praktikum an, wenn Sie auch tats\u00e4chlich daran teilnehmen m\u00f6chten. Nur so kann vermieden werden, dass freie Ressourcen unn\u00f6tig blockiert werden. Ich m\u00f6chte am KTN-Praktum teilnehmen. Wie melde ich mich an? \u00dcber das Praktikumstool: https:\/\/praktikum.gm.fh-koeln.de\/e\/courses\/0c23b50c-e486-4cdb-b36b-b14031c3df9e Mit welchen Daten kann ich&#8230;  <a href=\"https:\/\/blogs.gm.fh-koeln.de\/ktds\/de\/2020\/10\/26\/anmeldung-ktn-praktikum-freigeschaltet\/\" class=\"more-link\" title=\"Read Anmeldung KTN-Praktikum freigeschaltet\"><?php _e(\"Read more &raquo;\",\"wpbootstrap\"); ?><\/a><\/p>\n","protected":false},"author":64,"featured_media":0,"comment_status":"closed","ping_status":"closed","sticky":false,"template":"","format":"standard","meta":{"_acf_changed":false,"footnotes":""},"categories":[30111],"tags":[],"class_list":["post-1552","post","type-post","status-publish","format-standard","hentry","category-ktn"],"acf":[],"_links":{"self":[{"href":"https:\/\/blogs.gm.fh-koeln.de\/ktds\/wp-json\/wp\/v2\/posts\/1552","targetHints":{"allow":["GET"]}}],"collection":[{"href":"https:\/\/blogs.gm.fh-koeln.de\/ktds\/wp-json\/wp\/v2\/posts"}],"about":[{"href":"https:\/\/blogs.gm.fh-koeln.de\/ktds\/wp-json\/wp\/v2\/types\/post"}],"author":[{"embeddable":true,"href":"https:\/\/blogs.gm.fh-koeln.de\/ktds\/wp-json\/wp\/v2\/users\/64"}],"replies":[{"embeddable":true,"href":"https:\/\/blogs.gm.fh-koeln.de\/ktds\/wp-json\/wp\/v2\/comments?post=1552"}],"version-history":[{"count":2,"href":"https:\/\/blogs.gm.fh-koeln.de\/ktds\/wp-json\/wp\/v2\/posts\/1552\/revisions"}],"predecessor-version":[{"id":1554,"href":"https:\/\/blogs.gm.fh-koeln.de\/ktds\/wp-json\/wp\/v2\/posts\/1552\/revisions\/1554"}],"wp:attachment":[{"href":"https:\/\/blogs.gm.fh-koeln.de\/ktds\/wp-json\/wp\/v2\/media?parent=1552"}],"wp:term":[{"taxonomy":"category","embeddable":true,"href":"https:\/\/blogs.gm.fh-koeln.de\/ktds\/wp-json\/wp\/v2\/categories?post=1552"},{"taxonomy":"post_tag","embeddable":true,"href":"https:\/\/blogs.gm.fh-koeln.de\/ktds\/wp-json\/wp\/v2\/tags?post=1552"}],"curies":[{"name":"wp","href":"https:\/\/api.w.org\/{rel}","templated":true}]}}