


{"id":3359,"date":"2015-02-20T17:48:25","date_gmt":"2015-02-20T17:48:25","guid":{"rendered":"http:\/\/lwibs01.gm.fh-koeln.de\/blogs\/faeskorn\/?p=3359"},"modified":"2015-02-20T17:48:25","modified_gmt":"2015-02-20T17:48:25","slug":"fuer-kurzentschlossene-es-sind-noch-erasmus-stipendien-zu-vergeben","status":"publish","type":"post","link":"https:\/\/blogs.gm.fh-koeln.de\/faeskorn\/2015\/02\/20\/fuer-kurzentschlossene-es-sind-noch-erasmus-stipendien-zu-vergeben\/","title":{"rendered":"F\u00fcr Kurzentschlossene: Es sind noch Erasmus-Stipendien zu vergeben"},"content":{"rendered":"<p class=\"lead\">Erasmus+ bietet neben der F\u00f6rderung von Studienaufenthalten an europ\u00e4ischen Partnerhochschulen auch die M\u00f6glichkeit, im Rahmen eines Praktikums mit einem monatlichen Zuschuss Praxiserfahrungen im Ausland zu sammeln.<\/p>\n<p>N\u00e4here Informationen finden Sie hier:<a href=\"http:\/\/lwibs01.gm.fh-koeln.de\/blogs\/faeskorn\/files\/2015\/02\/Flyer-ERASMUS-Praktikum.pdf\">Flyer ERASMUS+ Praktikum<\/a><\/p>\n","protected":false},"excerpt":{"rendered":"<p>Erasmus+ bietet neben der F\u00f6rderung von Studienaufenthalten an europ\u00e4ischen Partnerhochschulen auch die M\u00f6glichkeit, im Rahmen eines Praktikums mit einem monatlichen Zuschuss Praxiserfahrungen im Ausland zu sammeln. N\u00e4here Informationen finden Sie hier:Flyer ERASMUS+ Praktikum<\/p>\n","protected":false},"author":30,"featured_media":0,"comment_status":"open","ping_status":"open","sticky":false,"template":"","format":"standard","meta":{"_acf_changed":false,"footnotes":""},"categories":[6,7623],"tags":[],"class_list":["post-3359","post","type-post","status-publish","format-standard","hentry","category-fur-studierende","category-internationales"],"acf":[],"_links":{"self":[{"href":"https:\/\/blogs.gm.fh-koeln.de\/faeskorn\/wp-json\/wp\/v2\/posts\/3359","targetHints":{"allow":["GET"]}}],"collection":[{"href":"https:\/\/blogs.gm.fh-koeln.de\/faeskorn\/wp-json\/wp\/v2\/posts"}],"about":[{"href":"https:\/\/blogs.gm.fh-koeln.de\/faeskorn\/wp-json\/wp\/v2\/types\/post"}],"author":[{"embeddable":true,"href":"https:\/\/blogs.gm.fh-koeln.de\/faeskorn\/wp-json\/wp\/v2\/users\/30"}],"replies":[{"embeddable":true,"href":"https:\/\/blogs.gm.fh-koeln.de\/faeskorn\/wp-json\/wp\/v2\/comments?post=3359"}],"version-history":[{"count":1,"href":"https:\/\/blogs.gm.fh-koeln.de\/faeskorn\/wp-json\/wp\/v2\/posts\/3359\/revisions"}],"predecessor-version":[{"id":3361,"href":"https:\/\/blogs.gm.fh-koeln.de\/faeskorn\/wp-json\/wp\/v2\/posts\/3359\/revisions\/3361"}],"wp:attachment":[{"href":"https:\/\/blogs.gm.fh-koeln.de\/faeskorn\/wp-json\/wp\/v2\/media?parent=3359"}],"wp:term":[{"taxonomy":"category","embeddable":true,"href":"https:\/\/blogs.gm.fh-koeln.de\/faeskorn\/wp-json\/wp\/v2\/categories?post=3359"},{"taxonomy":"post_tag","embeddable":true,"href":"https:\/\/blogs.gm.fh-koeln.de\/faeskorn\/wp-json\/wp\/v2\/tags?post=3359"}],"curies":[{"name":"wp","href":"https:\/\/api.w.org\/{rel}","templated":true}]}}