


{"id":1571,"date":"2018-01-11T09:11:21","date_gmt":"2018-01-11T09:11:21","guid":{"rendered":"http:\/\/blogs.gm.fh-koeln.de\/bertelsmeier\/?p=1571"},"modified":"2018-01-11T09:24:48","modified_gmt":"2018-01-11T09:24:48","slug":"access-women-in-technology-career-event","status":"publish","type":"post","link":"https:\/\/blogs.gm.fh-koeln.de\/bertelsmeier\/2018\/01\/11\/access-women-in-technology-career-event\/","title":{"rendered":"access Women in Technology Career Event"},"content":{"rendered":"<p class=\"lead\">Gerne gebe ich Ihnen eine Einladung zum <b>access Women in Technology Career Event<\/b> am <b>02. M\u00e4rz 2018 in Frankfurt<\/b> f\u00fcr unsere Studentinnen und Absolventinnen weiter. Auf der Veranstaltung haben die Teilnehmerinnen die Chance Vorstellungsgespr\u00e4che mit <b>10 Unternehmen<\/b> an einem Tag zu f\u00fchren.\u00a0 <a href=\"http:\/\/www.access.de\/routing.asp?r=27097&amp;utm_source=HSM&amp;utm_medium=ProfmailingPDF&amp;utm_campaign=WIT032018\" target=\"_blank\" rel=\"noopener\">Mehr Infos hier<\/a>.\u00a0\u00a0 Dieser Even ist oftmals der erste Schritt f\u00fcr den Berufseinstieg bei den jeweiligen Unternehmen. N\u00e4here Informationen zum access Women in Technology Career Event im M\u00e4rz 2018 finden Sie unter <a href=\"https:\/\/www.access.de\/karriere-events\/details\/1613\/women-in-technology?utm_source=HSM&amp;utm_medium=ProfmailingWebsite&amp;utm_campaign=WIT032018%22\" target=\"_blank\" rel=\"noopener\"> www.access.de\/women<\/a>.<\/p>\n<hr \/>\n","protected":false},"excerpt":{"rendered":"<p>Gerne gebe ich Ihnen eine Einladung zum access Women in Technology Career Event am 02. M\u00e4rz 2018 in Frankfurt f\u00fcr unsere Studentinnen und Absolventinnen weiter. Auf der Veranstaltung haben die Teilnehmerinnen die Chance Vorstellungsgespr\u00e4che mit 10 Unternehmen an einem Tag zu f\u00fchren.\u00a0 Mehr Infos hier.\u00a0\u00a0 Dieser Even ist oftmals der erste Schritt f\u00fcr den Berufseinstieg&#8230;  <a href=\"https:\/\/blogs.gm.fh-koeln.de\/bertelsmeier\/2018\/01\/11\/access-women-in-technology-career-event\/\" class=\"more-link\" title=\"Read access Women in Technology Career Event\"><?php _e(\"Read more &raquo;\",\"wpbootstrap\"); ?><\/a><\/p>\n","protected":false},"author":28,"featured_media":0,"comment_status":"closed","ping_status":"closed","sticky":false,"template":"","format":"standard","meta":{"_acf_changed":false,"footnotes":""},"categories":[16,24452,5416,5438,12],"tags":[24450,5456,24451],"class_list":["post-1571","post","type-post","status-publish","format-standard","hentry","category-abschlussarbeiten","category-gender-diversity-inclision","category-events","category-jobangebote","category-projekte","tag-diversity","tag-events","tag-gender"],"acf":[],"_links":{"self":[{"href":"https:\/\/blogs.gm.fh-koeln.de\/bertelsmeier\/wp-json\/wp\/v2\/posts\/1571","targetHints":{"allow":["GET"]}}],"collection":[{"href":"https:\/\/blogs.gm.fh-koeln.de\/bertelsmeier\/wp-json\/wp\/v2\/posts"}],"about":[{"href":"https:\/\/blogs.gm.fh-koeln.de\/bertelsmeier\/wp-json\/wp\/v2\/types\/post"}],"author":[{"embeddable":true,"href":"https:\/\/blogs.gm.fh-koeln.de\/bertelsmeier\/wp-json\/wp\/v2\/users\/28"}],"replies":[{"embeddable":true,"href":"https:\/\/blogs.gm.fh-koeln.de\/bertelsmeier\/wp-json\/wp\/v2\/comments?post=1571"}],"version-history":[{"count":3,"href":"https:\/\/blogs.gm.fh-koeln.de\/bertelsmeier\/wp-json\/wp\/v2\/posts\/1571\/revisions"}],"predecessor-version":[{"id":1574,"href":"https:\/\/blogs.gm.fh-koeln.de\/bertelsmeier\/wp-json\/wp\/v2\/posts\/1571\/revisions\/1574"}],"wp:attachment":[{"href":"https:\/\/blogs.gm.fh-koeln.de\/bertelsmeier\/wp-json\/wp\/v2\/media?parent=1571"}],"wp:term":[{"taxonomy":"category","embeddable":true,"href":"https:\/\/blogs.gm.fh-koeln.de\/bertelsmeier\/wp-json\/wp\/v2\/categories?post=1571"},{"taxonomy":"post_tag","embeddable":true,"href":"https:\/\/blogs.gm.fh-koeln.de\/bertelsmeier\/wp-json\/wp\/v2\/tags?post=1571"}],"curies":[{"name":"wp","href":"https:\/\/api.w.org\/{rel}","templated":true}]}}